{"id":151,"date":"2020-02-19T14:39:11","date_gmt":"2020-02-19T14:39:11","guid":{"rendered":"http:\/\/stocklib.fr\/blog-fr\/?p=151"},"modified":"2020-02-26T10:02:06","modified_gmt":"2020-02-26T10:02:06","slug":"carnaval-de-rio-le-plus-grand-spectacle-du-monde","status":"publish","type":"post","link":"https:\/\/stocklib.fr\/blog-fr\/carnaval-de-rio-le-plus-grand-spectacle-du-monde\/","title":{"rendered":"Carnaval de Rio\u00a0: le plus grand spectacle du monde"},"content":{"rendered":"<p>Le carnaval de Rio est \u00e0 la fois la plus grande f\u00eate du Br\u00e9sil et le plus gros festival sur Terre qui attire des gens du monde entier, venus assister au plus important spectacle de la plan\u00e8te. Le carnaval de Rio dure 5 jours et se termine la veille du mercredi des Cendres, une importante tradition catholique qui marque le d\u00e9but du car\u00eame. Cette ann\u00e9e, les festivit\u00e9s d\u00e9butent le 21 f\u00e9vrier.<\/p>\n<p>Si vous souhaitez vraiment comprendre ce qu&rsquo;est un carnaval, votre <a href=\"https:\/\/www.stocklib.fr\/\"> banque d\u2019images libre de droit Stocklib<\/a> vous propose un petit tour de ce fabuleux \u00e9v\u00e9nement annuel. Au carnaval de Rio, une chose est s\u00fbre, on en prend plein des yeux\u00a0!<\/p>\n<h2>Un festival haut en couleurs<\/h2>\n<p><a href=\"http:\/\/stocklib.fr\/blog-fr\/wp-content\/uploads\/2020\/02\/stock-image-25826465-m-2015.jpg\"><img loading=\"lazy\" class=\"size-medium wp-image-154 aligncenter\" src=\"http:\/\/stocklib.fr\/blog-fr\/wp-content\/uploads\/2020\/02\/stock-image-25826465-m-2015-300x200.jpg\" alt=\"Carnaval de Rio - Stocklib\" width=\"300\" height=\"200\" srcset=\"https:\/\/stocklib.fr\/blog-fr\/wp-content\/uploads\/2020\/02\/stock-image-25826465-m-2015-300x200.jpg 300w, https:\/\/stocklib.fr\/blog-fr\/wp-content\/uploads\/2020\/02\/stock-image-25826465-m-2015-600x400.jpg 600w, https:\/\/stocklib.fr\/blog-fr\/wp-content\/uploads\/2020\/02\/stock-image-25826465-m-2015.jpg 700w\" sizes=\"(max-width: 300px) 100vw, 300px\" \/><\/a><\/p>\n<p>Alors que l\u2019hiver est encore bien pr\u00e9sent chez nous, au Br\u00e9sil, il fait chaud, m\u00eame tr\u00e8s chaud\u00a0! Pr\u00e8s d\u2019un million de personnes affluent du monde entier pour se retrouver sous une pluie de couleurs au rythme des danses endiabl\u00e9es. Chacun des 5 jours du <a href=\"https:\/\/www.stocklib.fr\/search?keyword=carnaval+de+rio\">carnaval de Rio<\/a> est un moment joyeux. Le premier jour, se d\u00e9roule la traditionnelle remise des cl\u00e9s de la ville qui marque le d\u00e9but des festivit\u00e9s. Puis chaque jour, la f\u00eate bat son plein nuit et jour entre f\u00eates de rues et parades au Sambadrome.<\/p>\n<h2>La samba au c\u0153ur du carnaval de Rio<\/h2>\n<p><a href=\"http:\/\/stocklib.fr\/blog-fr\/wp-content\/uploads\/2020\/02\/stock-image-116347514-m-2015.jpg\"><img loading=\"lazy\" class=\"size-medium wp-image-158 aligncenter\" src=\"http:\/\/stocklib.fr\/blog-fr\/wp-content\/uploads\/2020\/02\/stock-image-116347514-m-2015-300x200.jpg\" alt=\"Samba au Carnaval de Rio - Stocklib\" width=\"300\" height=\"200\" srcset=\"https:\/\/stocklib.fr\/blog-fr\/wp-content\/uploads\/2020\/02\/stock-image-116347514-m-2015-300x200.jpg 300w, https:\/\/stocklib.fr\/blog-fr\/wp-content\/uploads\/2020\/02\/stock-image-116347514-m-2015-600x400.jpg 600w, https:\/\/stocklib.fr\/blog-fr\/wp-content\/uploads\/2020\/02\/stock-image-116347514-m-2015.jpg 700w\" sizes=\"(max-width: 300px) 100vw, 300px\" \/><\/a><\/p>\n<p>S\u2019il y a bien une chose \u00e0 ne pas manquer lors du carnaval de Rio, c\u2019est bien le d\u00e9fil\u00e9 des \u00e9coles de samba. Vous avez forc\u00e9ment d\u00e9j\u00e0 vu des reportages ou des photos du carnaval br\u00e9silien, et la plupart des images que vous avez en t\u00eate viennent du Sambadrome, le stade de samba \u00e0 ciel ouvert o\u00f9 d\u00e9filent chaque soir les meilleures \u00e9coles de samba de la ville. Un d\u00e9fil\u00e9 dure g\u00e9n\u00e9ralement 1h et les ingr\u00e9dients de cette recette magique sont toujours\u00a0: de la samba, des centaines de tambours, la procession de chars, des danseuses aux costumes color\u00e9s faits de plumes et autres tissus color\u00e9s, sans oublier un soup\u00e7on de paillettes\u00a0!<\/p>\n<h2>Les f\u00eates de rues<\/h2>\n<p><a href=\"http:\/\/stocklib.fr\/blog-fr\/wp-content\/uploads\/2020\/02\/stock-image-109337836-m-2015.jpg\"><img loading=\"lazy\" class=\"size-medium wp-image-157 aligncenter\" src=\"http:\/\/stocklib.fr\/blog-fr\/wp-content\/uploads\/2020\/02\/stock-image-109337836-m-2015-300x225.jpg\" alt=\"F\u00eates de rue Carnaval de Rio - Stocklib\" width=\"300\" height=\"225\" srcset=\"https:\/\/stocklib.fr\/blog-fr\/wp-content\/uploads\/2020\/02\/stock-image-109337836-m-2015-300x225.jpg 300w, https:\/\/stocklib.fr\/blog-fr\/wp-content\/uploads\/2020\/02\/stock-image-109337836-m-2015-600x450.jpg 600w, https:\/\/stocklib.fr\/blog-fr\/wp-content\/uploads\/2020\/02\/stock-image-109337836-m-2015.jpg 700w\" sizes=\"(max-width: 300px) 100vw, 300px\" \/><\/a><\/p>\n<p>En dehors du Sambadrome, la ville s\u2019arr\u00eate pendant ces 5 jours et vit au rythme des f\u00eates. En effet, les rues de Rio sont envahies de monde. Les chars sillonnent lentement les quartiers et blocos sous un flot de musique\u00a0; les gens en costumes color\u00e9s dansent, chantent, rient et boivent sous un soleil de plomb. Chaque bloco a son propre nom et peut avoir un th\u00e8me diff\u00e9rent, si bien qu\u2019en d\u00e9ambulant \u00e0 travers les rues de Rio, le d\u00e9paysement est assur\u00e9.<\/p>\n<h2>Les costumes des carnavaliers<\/h2>\n<p><a href=\"http:\/\/stocklib.fr\/blog-fr\/wp-content\/uploads\/2020\/02\/stock-image-25838667-m-2015.jpg\"><img loading=\"lazy\" class=\"size-medium wp-image-156 aligncenter\" src=\"http:\/\/stocklib.fr\/blog-fr\/wp-content\/uploads\/2020\/02\/stock-image-25838667-m-2015-300x200.jpg\" alt=\"Costumes caravaniers - Stocklib\" width=\"300\" height=\"200\" srcset=\"https:\/\/stocklib.fr\/blog-fr\/wp-content\/uploads\/2020\/02\/stock-image-25838667-m-2015-300x200.jpg 300w, https:\/\/stocklib.fr\/blog-fr\/wp-content\/uploads\/2020\/02\/stock-image-25838667-m-2015-600x400.jpg 600w, https:\/\/stocklib.fr\/blog-fr\/wp-content\/uploads\/2020\/02\/stock-image-25838667-m-2015.jpg 700w\" sizes=\"(max-width: 300px) 100vw, 300px\" \/><\/a><\/p>\n<p>Parmi les particularit\u00e9s du carnaval de Rio, on remarque \u00e9galement que, contrairement aux carnavals que nous avons l\u2019habitude de voir en France, les br\u00e9siliens rev\u00eatent rarement des d\u00e9guisements \u00ab\u00a0classiques\u00a0\u00bb de type super-h\u00e9ros, princesse ou personnage c\u00e9l\u00e8bre. Originalit\u00e9 et extravagance sont les ma\u00eetres-mots de cet \u00e9v\u00e9nement sans \u00e9quivalent ailleurs dans le monde.<\/p>\n<p>Parcourez votre banque d\u2019images Stocklib pour voir plus de <a href=\"https:\/\/www.stocklib.fr\/search?keyword=carnaval \">photos sur le th\u00e8me du carnaval<\/a> pour vous inspirer ou prolonger la magie de cette f\u00eate extraordinaire.<\/p>\n","protected":false},"excerpt":{"rendered":"<p>Le carnaval de Rio est \u00e0 la fois la plus grande f\u00eate du Br\u00e9sil et le plus gros festival sur Terre qui attire des gens du monde entier, venus assister au plus important spectacle de la plan\u00e8te. Le carnaval de&#8230; <a class=\"more-link\" href=\"https:\/\/stocklib.fr\/blog-fr\/carnaval-de-rio-le-plus-grand-spectacle-du-monde\/\">Continue Reading &rarr;<\/a><\/p>\n","protected":false},"author":3,"featured_media":155,"comment_status":"closed","ping_status":"closed","sticky":false,"template":"","format":"standard","meta":[],"categories":[4],"tags":[],"_links":{"self":[{"href":"https:\/\/stocklib.fr\/blog-fr\/wp-json\/wp\/v2\/posts\/151"}],"collection":[{"href":"https:\/\/stocklib.fr\/blog-fr\/wp-json\/wp\/v2\/posts"}],"about":[{"href":"https:\/\/stocklib.fr\/blog-fr\/wp-json\/wp\/v2\/types\/post"}],"author":[{"embeddable":true,"href":"https:\/\/stocklib.fr\/blog-fr\/wp-json\/wp\/v2\/users\/3"}],"replies":[{"embeddable":true,"href":"https:\/\/stocklib.fr\/blog-fr\/wp-json\/wp\/v2\/comments?post=151"}],"version-history":[{"count":4,"href":"https:\/\/stocklib.fr\/blog-fr\/wp-json\/wp\/v2\/posts\/151\/revisions"}],"predecessor-version":[{"id":160,"href":"https:\/\/stocklib.fr\/blog-fr\/wp-json\/wp\/v2\/posts\/151\/revisions\/160"}],"wp:featuredmedia":[{"embeddable":true,"href":"https:\/\/stocklib.fr\/blog-fr\/wp-json\/wp\/v2\/media\/155"}],"wp:attachment":[{"href":"https:\/\/stocklib.fr\/blog-fr\/wp-json\/wp\/v2\/media?parent=151"}],"wp:term":[{"taxonomy":"category","embeddable":true,"href":"https:\/\/stocklib.fr\/blog-fr\/wp-json\/wp\/v2\/categories?post=151"},{"taxonomy":"post_tag","embeddable":true,"href":"https:\/\/stocklib.fr\/blog-fr\/wp-json\/wp\/v2\/tags?post=151"}],"curies":[{"name":"wp","href":"https:\/\/api.w.org\/{rel}","templated":true}]}}