{"id":181,"date":"2020-06-12T08:20:01","date_gmt":"2020-06-12T08:20:01","guid":{"rendered":"http:\/\/stocklib.fr\/blog-fr\/?p=181"},"modified":"2020-06-16T15:35:46","modified_gmt":"2020-06-16T15:35:46","slug":"droits-dauteur-obligatoires-pour-integrer-des-photos-dinstagram-sur-un-site-web","status":"publish","type":"post","link":"https:\/\/stocklib.fr\/blog-fr\/droits-dauteur-obligatoires-pour-integrer-des-photos-dinstagram-sur-un-site-web\/","title":{"rendered":"Droits d\u2019auteur obligatoires pour int\u00e9grer des photos d\u2019Instagram sur un site web\u00a0?"},"content":{"rendered":"<p><img loading=\"lazy\" class=\"aligncenter wp-image-182 size-full\" src=\"http:\/\/stocklib.fr\/blog-fr\/wp-content\/uploads\/2020\/06\/95417378_m.jpg\" alt=\"\" width=\"847\" height=\"565\" srcset=\"https:\/\/stocklib.fr\/blog-fr\/wp-content\/uploads\/2020\/06\/95417378_m.jpg 847w, https:\/\/stocklib.fr\/blog-fr\/wp-content\/uploads\/2020\/06\/95417378_m-300x200.jpg 300w, https:\/\/stocklib.fr\/blog-fr\/wp-content\/uploads\/2020\/06\/95417378_m-768x512.jpg 768w, https:\/\/stocklib.fr\/blog-fr\/wp-content\/uploads\/2020\/06\/95417378_m-600x400.jpg 600w\" sizes=\"(max-width: 847px) 100vw, 847px\" \/><\/p>\n<p>Instagram a publi\u00e9 une d\u00e9claration sugg\u00e9rant que les sites web auront d\u00e9sormais besoin de l\u2019autorisation de l\u2019auteur afin de pouvoir int\u00e9grer leurs photos \u00e9manant du r\u00e9seau social de partage de photos. Votre banque d\u2019images <a href=\"http:\/\/stocklib.fr\">Stocklib<\/a> vous en dit plus sur cette affaire.<\/p>\n<h2>Poursuite judiciaire pour violation du droit d&rsquo;auteur<\/h2>\n<p><img loading=\"lazy\" class=\"aligncenter wp-image-183 size-full\" src=\"http:\/\/stocklib.fr\/blog-fr\/wp-content\/uploads\/2020\/06\/110495223_m.jpg\" alt=\"\" width=\"848\" height=\"565\" srcset=\"https:\/\/stocklib.fr\/blog-fr\/wp-content\/uploads\/2020\/06\/110495223_m.jpg 848w, https:\/\/stocklib.fr\/blog-fr\/wp-content\/uploads\/2020\/06\/110495223_m-300x200.jpg 300w, https:\/\/stocklib.fr\/blog-fr\/wp-content\/uploads\/2020\/06\/110495223_m-768x512.jpg 768w, https:\/\/stocklib.fr\/blog-fr\/wp-content\/uploads\/2020\/06\/110495223_m-600x400.jpg 600w\" sizes=\"(max-width: 848px) 100vw, 848px\" \/><\/p>\n<p><a href=\"https:\/\/www.newsweek.com\/ \">Newsweek<\/a> est actuellement poursuivi pour violation des droits d&rsquo;auteur par un photographe dont le post Instagram a \u00e9t\u00e9 int\u00e9gr\u00e9 sur son site sans son autorisation expresse. Les d\u00e9cisions prises dans cette affaire pourraient avoir des cons\u00e9quences \u00e0 long terme pour les propri\u00e9taires de sites lorsqu&rsquo;il s&rsquo;agira d&rsquo;utiliser les m\u00e9dias t\u00e9l\u00e9charg\u00e9s sur Instagram.<\/p>\n<p>Newsweek a demand\u00e9 \u00e0 un photographe l&rsquo;autorisation d&rsquo;utiliser une de ses photos. Apr\u00e8s avoir essuy\u00e9 un refus, Newsweek a d\u00e9cid\u00e9 d\u2019int\u00e9grer le post Instagram du photographe sur son site. Ils sont maintenant poursuivis pour cela. Le magazine se d\u00e9fend en affirmant que la permission n&rsquo;est pas n\u00e9cessaire car la photo a \u00e9t\u00e9 int\u00e9gr\u00e9e \u00e0 partir d&rsquo;Instagram, au lieu d&rsquo;\u00eatre t\u00e9l\u00e9charg\u00e9e directement.<\/p>\n<h2>Ce que dit Instagram<\/h2>\n<p><a href=\"http:\/\/stocklib.fr\/blog-fr\/wp-content\/uploads\/2020\/06\/121444062_m.jpg\"><img loading=\"lazy\" class=\"aligncenter wp-image-184 size-full\" src=\"http:\/\/stocklib.fr\/blog-fr\/wp-content\/uploads\/2020\/06\/121444062_m.jpg\" alt=\"\" width=\"847\" height=\"565\" srcset=\"https:\/\/stocklib.fr\/blog-fr\/wp-content\/uploads\/2020\/06\/121444062_m.jpg 847w, https:\/\/stocklib.fr\/blog-fr\/wp-content\/uploads\/2020\/06\/121444062_m-300x200.jpg 300w, https:\/\/stocklib.fr\/blog-fr\/wp-content\/uploads\/2020\/06\/121444062_m-768x512.jpg 768w, https:\/\/stocklib.fr\/blog-fr\/wp-content\/uploads\/2020\/06\/121444062_m-600x400.jpg 600w\" sizes=\"(max-width: 847px) 100vw, 847px\" \/><\/a><\/p>\n<p>Il est \u00e9crit dans les conditions d\u2019utilisation d&rsquo;Instagram que les utilisateurs fournissent une licence de copyright \u00e0 <a href=\"https:\/\/www.instagram.com\/ \">Instagram<\/a> chaque fois qu&rsquo;ils t\u00e9l\u00e9chargent une photo.<\/p>\n<p>Cependant, cette licence n&rsquo;est pas \u00e9tendue aux sites web qui affichent des supports Instagram int\u00e9gr\u00e9s. Cela pourrait \u00eatre une mauvaise nouvelle non seulement pour Newsweek, mais aussi pour tous ceux qui int\u00e8grent des photos d&rsquo;Instagram sur leur site web.<\/p>\n<h2>Une affaire similaire en avril dernier<\/h2>\n<p><img loading=\"lazy\" class=\"aligncenter wp-image-185 size-full\" src=\"http:\/\/stocklib.fr\/blog-fr\/wp-content\/uploads\/2020\/06\/114940321_m.jpg\" alt=\"\" width=\"923\" height=\"519\" srcset=\"https:\/\/stocklib.fr\/blog-fr\/wp-content\/uploads\/2020\/06\/114940321_m.jpg 923w, https:\/\/stocklib.fr\/blog-fr\/wp-content\/uploads\/2020\/06\/114940321_m-300x169.jpg 300w, https:\/\/stocklib.fr\/blog-fr\/wp-content\/uploads\/2020\/06\/114940321_m-768x432.jpg 768w, https:\/\/stocklib.fr\/blog-fr\/wp-content\/uploads\/2020\/06\/114940321_m-600x337.jpg 600w\" sizes=\"(max-width: 923px) 100vw, 923px\" \/><\/p>\n<p>Une affaire similaire s\u2019est d\u00e9roul\u00e9e en avril dernier, dans laquelle Mashable, site d\u2019actualit\u00e9, \u00e9tait poursuivi par un photographe pour avoir int\u00e9gr\u00e9 une photo d&rsquo;Instagram sans son autorisation. Mashable a fini par gagner l&rsquo;affaire, le juge ayant d\u00e9cid\u00e9 que le photographe \u00ab\u00a0a accord\u00e9 \u00e0 Instagram le droit de sous-licencier la photographie, et Instagram a valablement exerc\u00e9 ce droit en accordant \u00e0 Mashable une sous-licence pour afficher la photographie\u00a0\u00bb.<\/p>\n<p>Le juge qui pr\u00e9side l&rsquo;affaire Newsweek voit les choses diff\u00e9remment, expliquant qu&rsquo;il n&rsquo;y a pas assez de preuves pour d\u00e9cider si les conditions d\u2019utilisation d&rsquo;Instagram pr\u00e9voient une licence de droit d&rsquo;auteur pour les photos int\u00e9gr\u00e9es. Instagram rend difficile l&rsquo;utilisation de l&rsquo;argument de Mashable par d&rsquo;autres sites en d\u00e9clarant que sa licence de droit d&rsquo;auteur ne s&rsquo;applique pas aux photos int\u00e9gr\u00e9es. En effet, Newsweek ne peut pas pr\u00e9tendre qu&rsquo;il avait une sous-licence pour afficher les m\u00e9dias incorpor\u00e9s alors qu&rsquo;Instagram affirme explicitement le contraire.<\/p>\n<h2>Que doivent faire les propri\u00e9taires de sites web ?<\/h2>\n<p><a href=\"http:\/\/stocklib.fr\/blog-fr\/wp-content\/uploads\/2020\/06\/110587519_m.jpg\"><img loading=\"lazy\" class=\"wp-image-186 size-full\" src=\"http:\/\/stocklib.fr\/blog-fr\/wp-content\/uploads\/2020\/06\/110587519_m.jpg\" alt=\"\" width=\"848\" height=\"565\" srcset=\"https:\/\/stocklib.fr\/blog-fr\/wp-content\/uploads\/2020\/06\/110587519_m.jpg 848w, https:\/\/stocklib.fr\/blog-fr\/wp-content\/uploads\/2020\/06\/110587519_m-300x200.jpg 300w, https:\/\/stocklib.fr\/blog-fr\/wp-content\/uploads\/2020\/06\/110587519_m-768x512.jpg 768w, https:\/\/stocklib.fr\/blog-fr\/wp-content\/uploads\/2020\/06\/110587519_m-600x400.jpg 600w\" sizes=\"(max-width: 848px) 100vw, 848px\" \/><\/a><\/p>\n<p>Tant qu\u2019une d\u00e9cision n\u2019est pas rendue dans le proc\u00e8s de Newsweek, on ne sait pas tr\u00e8s bien quels sont les droits des \u00e9diteurs lorsqu\u2019ils int\u00e8grent des posts d\u2019Instagram. Afin de rester prudent, la chose la plus judicieuse que les propri\u00e9taires de sites puissent faire est de demander la permission avant d&rsquo;utiliser une photo d&rsquo;Instagram par un simple message. Si l\u2019auteur de la photo refuse, il faut en rester l\u00e0. La meilleure des solutions est donc d\u2019utiliser des photos libres de droits, comme vous pouvez en trouver sur notre <a href=\"https:\/\/www.stocklib.fr\/\">banque d\u2019images Stocklib<\/a>.<\/p>\n","protected":false},"excerpt":{"rendered":"<p>Instagram a publi\u00e9 une d\u00e9claration sugg\u00e9rant que les sites web auront d\u00e9sormais besoin de l\u2019autorisation de l\u2019auteur afin de pouvoir int\u00e9grer leurs photos \u00e9manant du r\u00e9seau social de partage de photos. Votre banque d\u2019images <a href=\"http:\/\/stocklib.fr\">Stocklib<\/a> vous en dit plus sur&#8230; <a class=\"more-link\" href=\"https:\/\/stocklib.fr\/blog-fr\/droits-dauteur-obligatoires-pour-integrer-des-photos-dinstagram-sur-un-site-web\/\">Continue Reading &rarr;<\/a><\/p>\n","protected":false},"author":3,"featured_media":0,"comment_status":"closed","ping_status":"closed","sticky":false,"template":"","format":"standard","meta":[],"categories":[1],"tags":[],"_links":{"self":[{"href":"https:\/\/stocklib.fr\/blog-fr\/wp-json\/wp\/v2\/posts\/181"}],"collection":[{"href":"https:\/\/stocklib.fr\/blog-fr\/wp-json\/wp\/v2\/posts"}],"about":[{"href":"https:\/\/stocklib.fr\/blog-fr\/wp-json\/wp\/v2\/types\/post"}],"author":[{"embeddable":true,"href":"https:\/\/stocklib.fr\/blog-fr\/wp-json\/wp\/v2\/users\/3"}],"replies":[{"embeddable":true,"href":"https:\/\/stocklib.fr\/blog-fr\/wp-json\/wp\/v2\/comments?post=181"}],"version-history":[{"count":2,"href":"https:\/\/stocklib.fr\/blog-fr\/wp-json\/wp\/v2\/posts\/181\/revisions"}],"predecessor-version":[{"id":191,"href":"https:\/\/stocklib.fr\/blog-fr\/wp-json\/wp\/v2\/posts\/181\/revisions\/191"}],"wp:attachment":[{"href":"https:\/\/stocklib.fr\/blog-fr\/wp-json\/wp\/v2\/media?parent=181"}],"wp:term":[{"taxonomy":"category","embeddable":true,"href":"https:\/\/stocklib.fr\/blog-fr\/wp-json\/wp\/v2\/categories?post=181"},{"taxonomy":"post_tag","embeddable":true,"href":"https:\/\/stocklib.fr\/blog-fr\/wp-json\/wp\/v2\/tags?post=181"}],"curies":[{"name":"wp","href":"https:\/\/api.w.org\/{rel}","templated":true}]}}