{"id":69,"date":"2015-01-29T13:31:47","date_gmt":"2015-01-29T13:31:47","guid":{"rendered":"http:\/\/stocklib.fr\/blog\/?p=69"},"modified":"2015-03-16T21:31:32","modified_gmt":"2015-03-16T21:31:32","slug":"le-mirage-festival-sinstalle-a-lyon-du-25-fevrier-au-1er-mars","status":"publish","type":"post","link":"https:\/\/stocklib.fr\/blog-fr\/le-mirage-festival-sinstalle-a-lyon-du-25-fevrier-au-1er-mars\/","title":{"rendered":"Le Mirage Festival s&rsquo;installe \u00e0 Lyon du 25 f\u00e9vrier au 1er mars"},"content":{"rendered":"<p><a href=\"http:\/\/stocklib.fr\/blog-fr\/wp-content\/uploads\/2015\/01\/Screen-Shot-2015-01-29-at-14.19.24.png\"><img loading=\"lazy\" class=\"alignnone size-medium wp-image-70\" src=\"http:\/\/stocklib.fr\/blog-fr\/wp-content\/uploads\/2015\/01\/Screen-Shot-2015-01-29-at-14.19.24-300x290.png\" alt=\"Screen Shot 2015-01-29 at 14.19.24\" width=\"300\" height=\"290\" srcset=\"https:\/\/stocklib.fr\/blog-fr\/wp-content\/uploads\/2015\/01\/Screen-Shot-2015-01-29-at-14.19.24-300x290.png 300w, https:\/\/stocklib.fr\/blog-fr\/wp-content\/uploads\/2015\/01\/Screen-Shot-2015-01-29-at-14.19.24.png 469w\" sizes=\"(max-width: 300px) 100vw, 300px\" \/><\/a><\/p>\n<p>\u00a9 Ann-Katrin Krenz et Burk Michael Kepler&rsquo;s Dream<\/p>\n<p>Voici la 3\u00e8me \u00e9dition d&rsquo;une manifestation enti\u00e8rement d\u00e9di\u00e9e \u00e0 la cr\u00e9ation contemporaine li\u00e9e aux nouvelles technologies. Une programmation hybride o\u00f9 l&rsquo;on peut d\u00e9couvrir performances et installations et participer \u00e0 des workshops, conf\u00e9rences et autre meeting cr\u00e9atifs et collaboratifs. le Mirage Festival offre un reflet \u00e9ph\u00e9m\u00e8re de ce que pourrait \u00eatre la cr\u00e9ation de demain en invitant des artistes locaux, nationaux et internationaux. <a href=\"http:\/\/www.miragefestival.com\/\">http:\/\/www.miragefestival.com\/<\/a><br \/>\nhttp:\/\/vimeo.com\/114110496<\/p>\n","protected":false},"excerpt":{"rendered":"<p>\u00a9 Ann-Katrin Krenz et Burk Michael Kepler&rsquo;s Dream Voici la 3\u00e8me \u00e9dition d&rsquo;une manifestation enti\u00e8rement d\u00e9di\u00e9e \u00e0 la cr\u00e9ation contemporaine li\u00e9e aux nouvelles technologies. Une programmation hybride o\u00f9 l&rsquo;on peut d\u00e9couvrir performances et installations et participer \u00e0 des workshops, conf\u00e9rences&#8230; <a class=\"more-link\" href=\"https:\/\/stocklib.fr\/blog-fr\/le-mirage-festival-sinstalle-a-lyon-du-25-fevrier-au-1er-mars\/\">Continue Reading &rarr;<\/a><\/p>\n","protected":false},"author":1,"featured_media":0,"comment_status":"closed","ping_status":"closed","sticky":false,"template":"","format":"standard","meta":[],"categories":[4],"tags":[],"_links":{"self":[{"href":"https:\/\/stocklib.fr\/blog-fr\/wp-json\/wp\/v2\/posts\/69"}],"collection":[{"href":"https:\/\/stocklib.fr\/blog-fr\/wp-json\/wp\/v2\/posts"}],"about":[{"href":"https:\/\/stocklib.fr\/blog-fr\/wp-json\/wp\/v2\/types\/post"}],"author":[{"embeddable":true,"href":"https:\/\/stocklib.fr\/blog-fr\/wp-json\/wp\/v2\/users\/1"}],"replies":[{"embeddable":true,"href":"https:\/\/stocklib.fr\/blog-fr\/wp-json\/wp\/v2\/comments?post=69"}],"version-history":[{"count":2,"href":"https:\/\/stocklib.fr\/blog-fr\/wp-json\/wp\/v2\/posts\/69\/revisions"}],"predecessor-version":[{"id":96,"href":"https:\/\/stocklib.fr\/blog-fr\/wp-json\/wp\/v2\/posts\/69\/revisions\/96"}],"wp:attachment":[{"href":"https:\/\/stocklib.fr\/blog-fr\/wp-json\/wp\/v2\/media?parent=69"}],"wp:term":[{"taxonomy":"category","embeddable":true,"href":"https:\/\/stocklib.fr\/blog-fr\/wp-json\/wp\/v2\/categories?post=69"},{"taxonomy":"post_tag","embeddable":true,"href":"https:\/\/stocklib.fr\/blog-fr\/wp-json\/wp\/v2\/tags?post=69"}],"curies":[{"name":"wp","href":"https:\/\/api.w.org\/{rel}","templated":true}]}}