{"id":805,"date":"2023-10-05T16:09:00","date_gmt":"2023-10-05T16:09:00","guid":{"rendered":"http:\/\/stocklib.fr\/blog-fr\/?p=805"},"modified":"2023-10-10T14:44:56","modified_gmt":"2023-10-10T14:44:56","slug":"utilisation-de-portraits-de-personnes-generes-par-lia-dans-la-communication","status":"publish","type":"post","link":"https:\/\/stocklib.fr\/blog-fr\/utilisation-de-portraits-de-personnes-generes-par-lia-dans-la-communication\/","title":{"rendered":"Utilisation dans la communication de portraits de personnes g\u00e9n\u00e9r\u00e9s par l&rsquo;IA"},"content":{"rendered":"<p><strong><em>Les portraits humains g\u00e9n\u00e9r\u00e9s par l&rsquo;IA font r\u00e9f\u00e9rence \u00e0 des portraits de personnes cr\u00e9\u00e9s \u00e0 l&rsquo;aide d&rsquo;<a href=\"https:\/\/www.radiofrance.fr\/franceculture\/podcasts\/le-reportage-de-la-redaction\/intelligence-artificielle-quel-recadrage-pour-la-photographie-4280484\">algorithmes d&rsquo;intelligence artificielle<\/a> (IA). Ces portraits ne sont pas des photographies r\u00e9elles de personnes, mais sont cr\u00e9\u00e9s par des mod\u00e8les d&rsquo;IA form\u00e9s sur de vastes ensembles de donn\u00e9es de visages humains. Les portraits de personnes g\u00e9n\u00e9r\u00e9s par l&rsquo;IA peuvent \u00eatre d&rsquo;une grande utilit\u00e9 dans la communication pour diverses raisons :<\/em><\/strong><\/p>\n\n\n\n<p><strong>Personnalisation :<\/strong> Les portraits humains g\u00e9n\u00e9r\u00e9s par l&rsquo;IA peuvent \u00eatre adapt\u00e9s pour repr\u00e9senter des individus sp\u00e9cifiques ou des groupes d\u00e9mographiques cibles. Ils peuvent \u00eatre utilis\u00e9s pour cr\u00e9er des avatars personnalis\u00e9s ou des photos de profil pour les m\u00e9dias sociaux, les forums ou les communaut\u00e9s en ligne. Cette personnalisation ajoute une touche humaine et aide les individus \u00e0 se sentir plus connect\u00e9s et proches dans leurs interactions num\u00e9riques.<\/p>\n\n\n\n<p><strong>Confidentialit\u00e9 et Anonymat :<\/strong> Dans certaines situations, les gens peuvent pr\u00e9f\u00e9rer pr\u00e9server leur vie priv\u00e9e ou rester anonymes lorsqu&rsquo;ils communiquent en ligne. Les portraits de visages humains g\u00e9n\u00e9r\u00e9s par l&rsquo;IA peuvent servir d&rsquo;alternative aux photos r\u00e9elles, permettant aux individus de prot\u00e9ger leur identit\u00e9 tout en pr\u00e9sentant une repr\u00e9sentation semblable \u00e0 celle d&rsquo;un \u00eatre humain. Cela peut \u00eatre particuli\u00e8rement utile dans des environnements sensibles ou professionnels o\u00f9 la confidentialit\u00e9 est essentielle.<\/p>\n\n\n\n<p><strong>Image de marque et Marketing :<\/strong> Les portraits de personnes g\u00e9n\u00e9r\u00e9s par l&rsquo;IA peuvent \u00eatre utilis\u00e9s dans les supports de branding et de marketing. Ils peuvent repr\u00e9senter des personnages fictifs ou des ambassadeurs de marque en ad\u00e9quation avec les valeurs de la marque et son public cible. Ces portraits peuvent contribuer \u00e0 cr\u00e9er une identit\u00e9 visuelle unique, susciter des \u00e9motions et attirer l&rsquo;attention dans les publicit\u00e9s, les campagnes sur les r\u00e9seaux sociaux et les conceptions de sites Web.<\/p>\n\n\n\n<p><strong>R\u00e9cit et Contenu Visuel :<\/strong> Les portraits humains g\u00e9n\u00e9r\u00e9s par l&rsquo;IA peuvent \u00eatre int\u00e9gr\u00e9s dans des r\u00e9cits ou du contenu visuel, tels que des articles de blog, des articles ou des pr\u00e9sentations. Ils peuvent donner vie aux personnages, rendant le contenu plus engageant et m\u00e9morable. Ces portraits peuvent \u00e9galement \u00eatre utilis\u00e9s dans des infographies, des livres \u00e9lectroniques ou des contenus vid\u00e9o, am\u00e9liorant l&rsquo;attrait visuel et transmettant efficacement des informations.<\/p>\n\n\n\n<div class=\"wp-block-image\"><figure class=\"aligncenter size-large\"><a href=\"http:\/\/stocklib.fr\/blog-fr\/wp-content\/uploads\/2023\/10\/203988521_s.jpg\"><img loading=\"lazy\" width=\"450\" height=\"339\" src=\"http:\/\/stocklib.fr\/blog-fr\/wp-content\/uploads\/2023\/10\/203988521_s.jpg\" alt=\"\" class=\"wp-image-807\" srcset=\"https:\/\/stocklib.fr\/blog-fr\/wp-content\/uploads\/2023\/10\/203988521_s.jpg 450w, https:\/\/stocklib.fr\/blog-fr\/wp-content\/uploads\/2023\/10\/203988521_s-300x226.jpg 300w\" sizes=\"(max-width: 450px) 100vw, 450px\" \/><\/a><figcaption>Portrait d&rsquo;enfants g\u00e9n\u00e9r\u00e9 par l&rsquo;IA <\/figcaption><\/figure><\/div>\n\n\n\n<p><strong>Communication Multilingue :<\/strong> Les portraits de personnes g\u00e9n\u00e9r\u00e9s par l&rsquo;IA peuvent combler les barri\u00e8res linguistiques dans la communication multilingue. Au lieu de se fier uniquement au texte, l&rsquo;utilisation de portraits peut aider \u00e0 transmettre des \u00e9motions, des expressions et des indices non verbaux qui d\u00e9passent la barri\u00e8re du langage. Cela peut \u00eatre particuli\u00e8rement utile dans les collaborations internationales, le support client ou les communaut\u00e9s en ligne mondiales.<\/p>\n\n\n\n<p><strong>Accessibilit\u00e9 et Inclusion :<\/strong> Les portraits humains g\u00e9n\u00e9r\u00e9s par l&rsquo;IA offrent l&rsquo;opportunit\u00e9 de cr\u00e9er des supports de communication inclusifs en pr\u00e9sentant <a href=\"https:\/\/www.stocklib.fr\/photos-images-libres-de-droits\/portrait+personne+asiatique+ia\">une gamme d&rsquo;ethnies, d&rsquo;\u00e2ges<\/a> et de capacit\u00e9s. Cela contribue \u00e0 promouvoir la diversit\u00e9 et la repr\u00e9sentation, permettant \u00e0 chacun de se sentir inclus et repr\u00e9sent\u00e9 dans divers contextes de communication.<\/p>\n\n\n\n<p>Il est important de noter que bien que les portraits de personnes g\u00e9n\u00e9r\u00e9s par l&rsquo;IA offrent des avantages dans la communication, il est crucial de les utiliser de mani\u00e8re \u00e9thique et responsable. La transparence quant \u00e0 leur nature g\u00e9n\u00e9r\u00e9e par l&rsquo;IA et la garantie du consentement lors de leur utilisation dans des contextes personnels ou professionnels sont essentielles pour maintenir la confiance et le respect dans la communication.<\/p>\n\n\n\n<p>Voici <a href=\"https:\/\/www.stocklib.fr\/image\/portraits-humains-generes-par-l-ia\/102490\"><strong>une galerie de stock photos de portraits humains g\u00e9n\u00e9r\u00e9s par l&rsquo;IA<\/strong><\/a>, s\u00e9lectionn\u00e9e par l&rsquo;\u00e9quipe \u00e9ditoriale de <a href=\"http:\/\/stocklib.fr\">Stocklib<\/a>, qui vous montrera la diversit\u00e9 de ce type d&rsquo;images et leurs utilisations possibles.<\/p>","protected":false},"excerpt":{"rendered":"<p>Les portraits humains g\u00e9n\u00e9r\u00e9s par l&rsquo;IA font r\u00e9f\u00e9rence \u00e0 des portraits de personnes cr\u00e9\u00e9s \u00e0 l&rsquo;aide d&rsquo;algorithmes d&rsquo;intelligence artificielle (IA). Ces portraits ne sont pas des photographies r\u00e9elles de personnes, mais sont cr\u00e9\u00e9s par des mod\u00e8les d&rsquo;IA form\u00e9s sur de&#8230; <a class=\"more-link\" href=\"https:\/\/stocklib.fr\/blog-fr\/utilisation-de-portraits-de-personnes-generes-par-lia-dans-la-communication\/\">Continue Reading &rarr;<\/a><\/p>\n","protected":false},"author":4,"featured_media":808,"comment_status":"closed","ping_status":"closed","sticky":false,"template":"","format":"standard","meta":[],"categories":[1,2],"tags":[17],"_links":{"self":[{"href":"https:\/\/stocklib.fr\/blog-fr\/wp-json\/wp\/v2\/posts\/805"}],"collection":[{"href":"https:\/\/stocklib.fr\/blog-fr\/wp-json\/wp\/v2\/posts"}],"about":[{"href":"https:\/\/stocklib.fr\/blog-fr\/wp-json\/wp\/v2\/types\/post"}],"author":[{"embeddable":true,"href":"https:\/\/stocklib.fr\/blog-fr\/wp-json\/wp\/v2\/users\/4"}],"replies":[{"embeddable":true,"href":"https:\/\/stocklib.fr\/blog-fr\/wp-json\/wp\/v2\/comments?post=805"}],"version-history":[{"count":5,"href":"https:\/\/stocklib.fr\/blog-fr\/wp-json\/wp\/v2\/posts\/805\/revisions"}],"predecessor-version":[{"id":815,"href":"https:\/\/stocklib.fr\/blog-fr\/wp-json\/wp\/v2\/posts\/805\/revisions\/815"}],"wp:featuredmedia":[{"embeddable":true,"href":"https:\/\/stocklib.fr\/blog-fr\/wp-json\/wp\/v2\/media\/808"}],"wp:attachment":[{"href":"https:\/\/stocklib.fr\/blog-fr\/wp-json\/wp\/v2\/media?parent=805"}],"wp:term":[{"taxonomy":"category","embeddable":true,"href":"https:\/\/stocklib.fr\/blog-fr\/wp-json\/wp\/v2\/categories?post=805"},{"taxonomy":"post_tag","embeddable":true,"href":"https:\/\/stocklib.fr\/blog-fr\/wp-json\/wp\/v2\/tags?post=805"}],"curies":[{"name":"wp","href":"https:\/\/api.w.org\/{rel}","templated":true}]}}